{"id":167,"date":"2025-01-22T13:41:07","date_gmt":"2025-01-22T13:41:07","guid":{"rendered":"https:\/\/tkd.lestacks.com\/?p=167"},"modified":"2025-01-22T14:25:44","modified_gmt":"2025-01-22T14:25:44","slug":"3-congreso-de-maestros-rfet","status":"publish","type":"post","link":"https:\/\/taekwondomadrid.com\/?p=167","title":{"rendered":"3\u00b0 Congreso de Maestros RFET"},"content":{"rendered":"\n<p>\ud83d\udccc3\u00b0 Congreso de Maestros de Taekwondo realizado por la Real Federaci\u00f3n Espa\u00f1ola de Taekwondo en el pabell\u00f3n del Consejo Superior de Deportes en Madrid, los d\u00edas 5, 6 y 7 de septiembre \ud83d\uddd3\ufe0f\ud83c\uddea\ud83c\uddf8<\/p>\n\n\n\n<p>\ud83d\udcdd\ud83c\uddf0\ud83c\uddf7 Durante los d\u00edas de jueves a viernes se llev\u00f3 a cabo la homologaci\u00f3n de grados espa\u00f1oles a grados Kukkiwon, para maestros que no tuvieran los danes anteriores de Kukkiwon.&nbsp;<\/p>\n\n\n\n<p>Anteriormente se pod\u00edan solicitar hasta el tercer Dan mediante la federaci\u00f3n territorial, esperando el tiempo correspondiente entre grados de Dan.&nbsp;<\/p>\n\n\n\n<figure class=\"wp-block-image size-large\"><img fetchpriority=\"high\" decoding=\"async\" width=\"1024\" height=\"575\" src=\"https:\/\/tkd.lestacks.com\/wp-content\/uploads\/2025\/01\/1725800183119652-2-1024x575.jpg\" alt=\"\" class=\"wp-image-168\" srcset=\"https:\/\/taekwondomadrid.com\/wp-content\/uploads\/2025\/01\/1725800183119652-2-1024x575.jpg 1024w, https:\/\/taekwondomadrid.com\/wp-content\/uploads\/2025\/01\/1725800183119652-2-300x169.jpg 300w, https:\/\/taekwondomadrid.com\/wp-content\/uploads\/2025\/01\/1725800183119652-2-768x432.jpg 768w, https:\/\/taekwondomadrid.com\/wp-content\/uploads\/2025\/01\/1725800183119652-2.jpg 1210w\" sizes=\"(max-width: 1024px) 100vw, 1024px\" \/><\/figure>\n\n\n\n<p>Actualmente este ser\u00e1 el nuevo medio para poder homologar proporcionalmente al Dan de la RFET, mediante el correspondiente examen realizado por Kukkiwon.&nbsp;<\/p>\n\n\n\n<p>Un gran avance, ya que antes debias desplazarte a Corea para ello.\u2708\ufe0f<\/p>\n\n\n\n<p>\ud83d\udcbb\ud83d\udedc Dentro del marco del congreso, tambi\u00e9n se ha realizado una ponencia sobre redes sociales y comunicaci\u00f3n destinada a los clubes de manos de MB comunicaci\u00f3n<\/p>\n\n\n\n<p>\u27a1\ufe0f\ud83e\udd4b\ud83e\udd1c Dentro de la misma infraestructura del evento, los t\u00e9cnicos de la kukkiwon ofrecieron un seminario para maestros y t\u00e9cnicos asistentes al congreso de la Real Federaci\u00f3n Espa\u00f1ola de Taekwondo.<\/p>\n\n\n\n<figure class=\"wp-block-image size-large\"><img decoding=\"async\" width=\"1024\" height=\"767\" src=\"https:\/\/tkd.lestacks.com\/wp-content\/uploads\/2025\/01\/1725800176710399-4-1024x767.jpg\" alt=\"\" class=\"wp-image-169\" srcset=\"https:\/\/taekwondomadrid.com\/wp-content\/uploads\/2025\/01\/1725800176710399-4-1024x767.jpg 1024w, https:\/\/taekwondomadrid.com\/wp-content\/uploads\/2025\/01\/1725800176710399-4-300x225.jpg 300w, https:\/\/taekwondomadrid.com\/wp-content\/uploads\/2025\/01\/1725800176710399-4-768x575.jpg 768w, https:\/\/taekwondomadrid.com\/wp-content\/uploads\/2025\/01\/1725800176710399-4.jpg 1080w\" sizes=\"(max-width: 1024px) 100vw, 1024px\" \/><\/figure>\n\n\n\n<p>\u27a1\ufe0fEl seminario de la Kukkiwon, estuvo orientado a las actualizaciones de t\u00e9cnicas y poomsaes.<\/p>\n\n\n\n<p>A su vez se imparti\u00f3 un seminario especial de taekwondo aplicado a la defensa personal.<\/p>\n\n\n\n<p>\ud83d\udcccDesde la p\u00e1gina le queremos dar la enhorabuena a la Federaci\u00f3n y a la sede de Kukkiwon aqu\u00ed en Espa\u00f1a por el buen funcionamiento del Congreso.\ud83c\uddf0\ud83c\uddf7\ud83c\uddea\ud83c\uddf8\ud83d\ude4f\ud83c\udf89\ud83d\udc4f<\/p>\n\n\n\n<p>Tambier dar la enhorabuena a todas y todos los asistentes.\ud83e\udd4b\ud83d\udc4f\ud83d\udc4f<\/p>\n\n\n\n<p>Agradecer tambi\u00e9n el material fotogr\u00e1fico a Mundo Taekwondo y al Maestro Seun Han Shin Jang<\/p>\n\n\n\n<p>\u00d3scar Pav\u00f3n Gim\u00e9nez&nbsp;<\/p>\n\n\n\n<p>Taekwondo m\u00e1s 40&nbsp;<\/p>\n\n\n\n<p>The blog<\/p>\n","protected":false},"excerpt":{"rendered":"<p>3\u00b0 Congreso de Maestros de Taekwondo realizado por la Real Federaci\u00f3n Espa\u00f1ola de Taekwondo en el pabell\u00f3n del Consejo Superior de Deportes en Madrid<\/p>\n","protected":false},"author":1,"featured_media":168,"comment_status":"open","ping_status":"open","sticky":false,"template":"","format":"standard","meta":{"footnotes":""},"categories":[8],"tags":[],"class_list":["post-167","post","type-post","status-publish","format-standard","has-post-thumbnail","hentry","category-noticias"],"yoast_head":"<!-- This site is optimized with the Yoast SEO plugin v25.6 - https:\/\/yoast.com\/wordpress\/plugins\/seo\/ -->\n<title>3\u00b0 Congreso de Maestros RFET - Taekwondo Park<\/title>\n<meta name=\"robots\" content=\"index, follow, max-snippet:-1, max-image-preview:large, max-video-preview:-1\" \/>\n<link rel=\"canonical\" href=\"https:\/\/taekwondomadrid.com\/?p=167\" \/>\n<meta property=\"og:locale\" content=\"en_US\" \/>\n<meta property=\"og:type\" content=\"article\" \/>\n<meta property=\"og:title\" content=\"3\u00b0 Congreso de Maestros RFET - Taekwondo Park\" \/>\n<meta property=\"og:description\" content=\"3\u00b0 Congreso de Maestros de Taekwondo realizado por la Real Federaci\u00f3n Espa\u00f1ola de Taekwondo en el pabell\u00f3n del Consejo Superior de Deportes en Madrid\" \/>\n<meta property=\"og:url\" content=\"https:\/\/taekwondomadrid.com\/?p=167\" \/>\n<meta property=\"og:site_name\" content=\"Taekwondo Park\" \/>\n<meta property=\"article:publisher\" content=\"https:\/\/www.facebook.com\/TaekwondoParkMadrid\/?locale=es_ES\" \/>\n<meta property=\"article:published_time\" content=\"2025-01-22T13:41:07+00:00\" \/>\n<meta property=\"article:modified_time\" content=\"2025-01-22T14:25:44+00:00\" \/>\n<meta property=\"og:image\" content=\"https:\/\/taekwondomadrid.com\/wp-content\/uploads\/2025\/01\/1725800183119652-2.jpg\" \/>\n\t<meta property=\"og:image:width\" content=\"1210\" \/>\n\t<meta property=\"og:image:height\" content=\"680\" \/>\n\t<meta property=\"og:image:type\" content=\"image\/jpeg\" \/>\n<meta name=\"author\" content=\"admin\" \/>\n<meta name=\"twitter:card\" content=\"summary_large_image\" \/>\n<meta name=\"twitter:label1\" content=\"Written by\" \/>\n\t<meta name=\"twitter:data1\" content=\"admin\" \/>\n\t<meta name=\"twitter:label2\" content=\"Est. reading time\" \/>\n\t<meta name=\"twitter:data2\" content=\"1 minute\" \/>\n<script type=\"application\/ld+json\" class=\"yoast-schema-graph\">{\"@context\":\"https:\/\/schema.org\",\"@graph\":[{\"@type\":\"Article\",\"@id\":\"https:\/\/taekwondomadrid.com\/?p=167#article\",\"isPartOf\":{\"@id\":\"https:\/\/taekwondomadrid.com\/?p=167\"},\"author\":{\"name\":\"admin\",\"@id\":\"https:\/\/taekwondomadrid.com\/#\/schema\/person\/9d2f8b2b3422da57d04674f6adf58a0e\"},\"headline\":\"3\u00b0 Congreso de Maestros RFET\",\"datePublished\":\"2025-01-22T13:41:07+00:00\",\"dateModified\":\"2025-01-22T14:25:44+00:00\",\"mainEntityOfPage\":{\"@id\":\"https:\/\/taekwondomadrid.com\/?p=167\"},\"wordCount\":286,\"commentCount\":0,\"publisher\":{\"@id\":\"https:\/\/taekwondomadrid.com\/#organization\"},\"image\":{\"@id\":\"https:\/\/taekwondomadrid.com\/?p=167#primaryimage\"},\"thumbnailUrl\":\"https:\/\/taekwondomadrid.com\/wp-content\/uploads\/2025\/01\/1725800183119652-2.jpg\",\"articleSection\":[\"Noticias\"],\"inLanguage\":\"en-US\",\"potentialAction\":[{\"@type\":\"CommentAction\",\"name\":\"Comment\",\"target\":[\"https:\/\/taekwondomadrid.com\/?p=167#respond\"]}]},{\"@type\":\"WebPage\",\"@id\":\"https:\/\/taekwondomadrid.com\/?p=167\",\"url\":\"https:\/\/taekwondomadrid.com\/?p=167\",\"name\":\"3\u00b0 Congreso de Maestros RFET - Taekwondo Park\",\"isPartOf\":{\"@id\":\"https:\/\/taekwondomadrid.com\/#website\"},\"primaryImageOfPage\":{\"@id\":\"https:\/\/taekwondomadrid.com\/?p=167#primaryimage\"},\"image\":{\"@id\":\"https:\/\/taekwondomadrid.com\/?p=167#primaryimage\"},\"thumbnailUrl\":\"https:\/\/taekwondomadrid.com\/wp-content\/uploads\/2025\/01\/1725800183119652-2.jpg\",\"datePublished\":\"2025-01-22T13:41:07+00:00\",\"dateModified\":\"2025-01-22T14:25:44+00:00\",\"breadcrumb\":{\"@id\":\"https:\/\/taekwondomadrid.com\/?p=167#breadcrumb\"},\"inLanguage\":\"en-US\",\"potentialAction\":[{\"@type\":\"ReadAction\",\"target\":[\"https:\/\/taekwondomadrid.com\/?p=167\"]}]},{\"@type\":\"ImageObject\",\"inLanguage\":\"en-US\",\"@id\":\"https:\/\/taekwondomadrid.com\/?p=167#primaryimage\",\"url\":\"https:\/\/taekwondomadrid.com\/wp-content\/uploads\/2025\/01\/1725800183119652-2.jpg\",\"contentUrl\":\"https:\/\/taekwondomadrid.com\/wp-content\/uploads\/2025\/01\/1725800183119652-2.jpg\",\"width\":1210,\"height\":680},{\"@type\":\"BreadcrumbList\",\"@id\":\"https:\/\/taekwondomadrid.com\/?p=167#breadcrumb\",\"itemListElement\":[{\"@type\":\"ListItem\",\"position\":1,\"name\":\"Home\",\"item\":\"https:\/\/taekwondomadrid.com\/\"},{\"@type\":\"ListItem\",\"position\":2,\"name\":\"3\u00b0 Congreso de Maestros RFET\"}]},{\"@type\":\"WebSite\",\"@id\":\"https:\/\/taekwondomadrid.com\/#website\",\"url\":\"https:\/\/taekwondomadrid.com\/\",\"name\":\"Taekwondo Park\",\"description\":\"Taekwondo Madrid\",\"publisher\":{\"@id\":\"https:\/\/taekwondomadrid.com\/#organization\"},\"alternateName\":\"Taekwondo Park Madrid\",\"potentialAction\":[{\"@type\":\"SearchAction\",\"target\":{\"@type\":\"EntryPoint\",\"urlTemplate\":\"https:\/\/taekwondomadrid.com\/?s={search_term_string}\"},\"query-input\":{\"@type\":\"PropertyValueSpecification\",\"valueRequired\":true,\"valueName\":\"search_term_string\"}}],\"inLanguage\":\"en-US\"},{\"@type\":\"Organization\",\"@id\":\"https:\/\/taekwondomadrid.com\/#organization\",\"name\":\"Taekwondo Park\",\"alternateName\":\"Taekwondo Park Madrid\",\"url\":\"https:\/\/taekwondomadrid.com\/\",\"logo\":{\"@type\":\"ImageObject\",\"inLanguage\":\"en-US\",\"@id\":\"https:\/\/taekwondomadrid.com\/#\/schema\/logo\/image\/\",\"url\":\"https:\/\/taekwondomadrid.com\/wp-content\/uploads\/2024\/12\/TW-Logo-redondo.png\",\"contentUrl\":\"https:\/\/taekwondomadrid.com\/wp-content\/uploads\/2024\/12\/TW-Logo-redondo.png\",\"width\":411,\"height\":411,\"caption\":\"Taekwondo Park\"},\"image\":{\"@id\":\"https:\/\/taekwondomadrid.com\/#\/schema\/logo\/image\/\"},\"sameAs\":[\"https:\/\/www.facebook.com\/TaekwondoParkMadrid\/?locale=es_ES\"]},{\"@type\":\"Person\",\"@id\":\"https:\/\/taekwondomadrid.com\/#\/schema\/person\/9d2f8b2b3422da57d04674f6adf58a0e\",\"name\":\"admin\",\"image\":{\"@type\":\"ImageObject\",\"inLanguage\":\"en-US\",\"@id\":\"https:\/\/taekwondomadrid.com\/#\/schema\/person\/image\/\",\"url\":\"https:\/\/secure.gravatar.com\/avatar\/e07902e659a943e8fe1dc4276dc1fc07fb172a300dc45d1d0a74ff3b0db9abea?s=96&d=mm&r=g\",\"contentUrl\":\"https:\/\/secure.gravatar.com\/avatar\/e07902e659a943e8fe1dc4276dc1fc07fb172a300dc45d1d0a74ff3b0db9abea?s=96&d=mm&r=g\",\"caption\":\"admin\"},\"sameAs\":[\"https:\/\/tkd.lestacks.com\"],\"url\":\"https:\/\/taekwondomadrid.com\/?author=1\"}]}<\/script>\n<!-- \/ Yoast SEO plugin. -->","yoast_head_json":{"title":"3\u00b0 Congreso de Maestros RFET - Taekwondo Park","robots":{"index":"index","follow":"follow","max-snippet":"max-snippet:-1","max-image-preview":"max-image-preview:large","max-video-preview":"max-video-preview:-1"},"canonical":"https:\/\/taekwondomadrid.com\/?p=167","og_locale":"en_US","og_type":"article","og_title":"3\u00b0 Congreso de Maestros RFET - Taekwondo Park","og_description":"3\u00b0 Congreso de Maestros de Taekwondo realizado por la Real Federaci\u00f3n Espa\u00f1ola de Taekwondo en el pabell\u00f3n del Consejo Superior de Deportes en Madrid","og_url":"https:\/\/taekwondomadrid.com\/?p=167","og_site_name":"Taekwondo Park","article_publisher":"https:\/\/www.facebook.com\/TaekwondoParkMadrid\/?locale=es_ES","article_published_time":"2025-01-22T13:41:07+00:00","article_modified_time":"2025-01-22T14:25:44+00:00","og_image":[{"width":1210,"height":680,"url":"https:\/\/taekwondomadrid.com\/wp-content\/uploads\/2025\/01\/1725800183119652-2.jpg","type":"image\/jpeg"}],"author":"admin","twitter_card":"summary_large_image","twitter_misc":{"Written by":"admin","Est. reading time":"1 minute"},"schema":{"@context":"https:\/\/schema.org","@graph":[{"@type":"Article","@id":"https:\/\/taekwondomadrid.com\/?p=167#article","isPartOf":{"@id":"https:\/\/taekwondomadrid.com\/?p=167"},"author":{"name":"admin","@id":"https:\/\/taekwondomadrid.com\/#\/schema\/person\/9d2f8b2b3422da57d04674f6adf58a0e"},"headline":"3\u00b0 Congreso de Maestros RFET","datePublished":"2025-01-22T13:41:07+00:00","dateModified":"2025-01-22T14:25:44+00:00","mainEntityOfPage":{"@id":"https:\/\/taekwondomadrid.com\/?p=167"},"wordCount":286,"commentCount":0,"publisher":{"@id":"https:\/\/taekwondomadrid.com\/#organization"},"image":{"@id":"https:\/\/taekwondomadrid.com\/?p=167#primaryimage"},"thumbnailUrl":"https:\/\/taekwondomadrid.com\/wp-content\/uploads\/2025\/01\/1725800183119652-2.jpg","articleSection":["Noticias"],"inLanguage":"en-US","potentialAction":[{"@type":"CommentAction","name":"Comment","target":["https:\/\/taekwondomadrid.com\/?p=167#respond"]}]},{"@type":"WebPage","@id":"https:\/\/taekwondomadrid.com\/?p=167","url":"https:\/\/taekwondomadrid.com\/?p=167","name":"3\u00b0 Congreso de Maestros RFET - Taekwondo Park","isPartOf":{"@id":"https:\/\/taekwondomadrid.com\/#website"},"primaryImageOfPage":{"@id":"https:\/\/taekwondomadrid.com\/?p=167#primaryimage"},"image":{"@id":"https:\/\/taekwondomadrid.com\/?p=167#primaryimage"},"thumbnailUrl":"https:\/\/taekwondomadrid.com\/wp-content\/uploads\/2025\/01\/1725800183119652-2.jpg","datePublished":"2025-01-22T13:41:07+00:00","dateModified":"2025-01-22T14:25:44+00:00","breadcrumb":{"@id":"https:\/\/taekwondomadrid.com\/?p=167#breadcrumb"},"inLanguage":"en-US","potentialAction":[{"@type":"ReadAction","target":["https:\/\/taekwondomadrid.com\/?p=167"]}]},{"@type":"ImageObject","inLanguage":"en-US","@id":"https:\/\/taekwondomadrid.com\/?p=167#primaryimage","url":"https:\/\/taekwondomadrid.com\/wp-content\/uploads\/2025\/01\/1725800183119652-2.jpg","contentUrl":"https:\/\/taekwondomadrid.com\/wp-content\/uploads\/2025\/01\/1725800183119652-2.jpg","width":1210,"height":680},{"@type":"BreadcrumbList","@id":"https:\/\/taekwondomadrid.com\/?p=167#breadcrumb","itemListElement":[{"@type":"ListItem","position":1,"name":"Home","item":"https:\/\/taekwondomadrid.com\/"},{"@type":"ListItem","position":2,"name":"3\u00b0 Congreso de Maestros RFET"}]},{"@type":"WebSite","@id":"https:\/\/taekwondomadrid.com\/#website","url":"https:\/\/taekwondomadrid.com\/","name":"Taekwondo Park","description":"Taekwondo Madrid","publisher":{"@id":"https:\/\/taekwondomadrid.com\/#organization"},"alternateName":"Taekwondo Park Madrid","potentialAction":[{"@type":"SearchAction","target":{"@type":"EntryPoint","urlTemplate":"https:\/\/taekwondomadrid.com\/?s={search_term_string}"},"query-input":{"@type":"PropertyValueSpecification","valueRequired":true,"valueName":"search_term_string"}}],"inLanguage":"en-US"},{"@type":"Organization","@id":"https:\/\/taekwondomadrid.com\/#organization","name":"Taekwondo Park","alternateName":"Taekwondo Park Madrid","url":"https:\/\/taekwondomadrid.com\/","logo":{"@type":"ImageObject","inLanguage":"en-US","@id":"https:\/\/taekwondomadrid.com\/#\/schema\/logo\/image\/","url":"https:\/\/taekwondomadrid.com\/wp-content\/uploads\/2024\/12\/TW-Logo-redondo.png","contentUrl":"https:\/\/taekwondomadrid.com\/wp-content\/uploads\/2024\/12\/TW-Logo-redondo.png","width":411,"height":411,"caption":"Taekwondo Park"},"image":{"@id":"https:\/\/taekwondomadrid.com\/#\/schema\/logo\/image\/"},"sameAs":["https:\/\/www.facebook.com\/TaekwondoParkMadrid\/?locale=es_ES"]},{"@type":"Person","@id":"https:\/\/taekwondomadrid.com\/#\/schema\/person\/9d2f8b2b3422da57d04674f6adf58a0e","name":"admin","image":{"@type":"ImageObject","inLanguage":"en-US","@id":"https:\/\/taekwondomadrid.com\/#\/schema\/person\/image\/","url":"https:\/\/secure.gravatar.com\/avatar\/e07902e659a943e8fe1dc4276dc1fc07fb172a300dc45d1d0a74ff3b0db9abea?s=96&d=mm&r=g","contentUrl":"https:\/\/secure.gravatar.com\/avatar\/e07902e659a943e8fe1dc4276dc1fc07fb172a300dc45d1d0a74ff3b0db9abea?s=96&d=mm&r=g","caption":"admin"},"sameAs":["https:\/\/tkd.lestacks.com"],"url":"https:\/\/taekwondomadrid.com\/?author=1"}]}},"_links":{"self":[{"href":"https:\/\/taekwondomadrid.com\/index.php?rest_route=\/wp\/v2\/posts\/167","targetHints":{"allow":["GET"]}}],"collection":[{"href":"https:\/\/taekwondomadrid.com\/index.php?rest_route=\/wp\/v2\/posts"}],"about":[{"href":"https:\/\/taekwondomadrid.com\/index.php?rest_route=\/wp\/v2\/types\/post"}],"author":[{"embeddable":true,"href":"https:\/\/taekwondomadrid.com\/index.php?rest_route=\/wp\/v2\/users\/1"}],"replies":[{"embeddable":true,"href":"https:\/\/taekwondomadrid.com\/index.php?rest_route=%2Fwp%2Fv2%2Fcomments&post=167"}],"version-history":[{"count":2,"href":"https:\/\/taekwondomadrid.com\/index.php?rest_route=\/wp\/v2\/posts\/167\/revisions"}],"predecessor-version":[{"id":213,"href":"https:\/\/taekwondomadrid.com\/index.php?rest_route=\/wp\/v2\/posts\/167\/revisions\/213"}],"wp:featuredmedia":[{"embeddable":true,"href":"https:\/\/taekwondomadrid.com\/index.php?rest_route=\/wp\/v2\/media\/168"}],"wp:attachment":[{"href":"https:\/\/taekwondomadrid.com\/index.php?rest_route=%2Fwp%2Fv2%2Fmedia&parent=167"}],"wp:term":[{"taxonomy":"category","embeddable":true,"href":"https:\/\/taekwondomadrid.com\/index.php?rest_route=%2Fwp%2Fv2%2Fcategories&post=167"},{"taxonomy":"post_tag","embeddable":true,"href":"https:\/\/taekwondomadrid.com\/index.php?rest_route=%2Fwp%2Fv2%2Ftags&post=167"}],"curies":[{"name":"wp","href":"https:\/\/api.w.org\/{rel}","templated":true}]}}