{"id":153,"date":"2025-01-22T12:54:28","date_gmt":"2025-01-22T12:54:28","guid":{"rendered":"https:\/\/tkd.lestacks.com\/?p=153"},"modified":"2025-01-22T13:38:08","modified_gmt":"2025-01-22T13:38:08","slug":"viaje-a-corea-2024","status":"publish","type":"post","link":"https:\/\/taekwondomadrid.com\/?p=153","title":{"rendered":"Viaje a Corea 2024"},"content":{"rendered":"\n<p>La escuela de Taekwondo realiz\u00f3 recientemente un viaje inolvidable a Corea del Sur, cuna de este antiguo arte marcial. El objetivo del viaje fue profundizar en la comprensi\u00f3n de los estudiantes sobre la rica historia, ra\u00edces culturales y pr\u00e1cticas tradicionales del Taekwondo. Desde visitar lugares emblem\u00e1ticos hasta participar en intensas sesiones de entrenamiento con reconocidos maestros coreanos, la experiencia brind\u00f3 una oportunidad \u00fanica de crecimiento personal y marcial. Fue una aventura \u00fanica en la vida que no solo fortaleci\u00f3 sus habilidades, sino que tambi\u00e9n cre\u00f3 recuerdos duraderos de conexi\u00f3n, disciplina y respeto por la herencia del Taekwondo.<\/p>\n\n\n\n<figure class=\"wp-block-image size-large\"><img fetchpriority=\"high\" decoding=\"async\" width=\"1024\" height=\"769\" src=\"https:\/\/tkd.lestacks.com\/wp-content\/uploads\/2024\/12\/Captura-de-pantalla-2024-12-27-a-las-14.01.28-1024x769.png\" alt=\"\" class=\"wp-image-83\" srcset=\"https:\/\/taekwondomadrid.com\/wp-content\/uploads\/2024\/12\/Captura-de-pantalla-2024-12-27-a-las-14.01.28-1024x769.png 1024w, https:\/\/taekwondomadrid.com\/wp-content\/uploads\/2024\/12\/Captura-de-pantalla-2024-12-27-a-las-14.01.28-300x225.png 300w, https:\/\/taekwondomadrid.com\/wp-content\/uploads\/2024\/12\/Captura-de-pantalla-2024-12-27-a-las-14.01.28-768x577.png 768w, https:\/\/taekwondomadrid.com\/wp-content\/uploads\/2024\/12\/Captura-de-pantalla-2024-12-27-a-las-14.01.28-1536x1154.png 1536w, https:\/\/taekwondomadrid.com\/wp-content\/uploads\/2024\/12\/Captura-de-pantalla-2024-12-27-a-las-14.01.28.png 1656w\" sizes=\"(max-width: 1024px) 100vw, 1024px\" \/><\/figure>\n\n\n\n<figure class=\"wp-block-gallery has-nested-images columns-default is-cropped wp-block-gallery-1 is-layout-flex wp-block-gallery-is-layout-flex\">\n<figure class=\"wp-block-image size-large\"><img decoding=\"async\" width=\"1024\" height=\"575\" data-id=\"82\" src=\"https:\/\/tkd.lestacks.com\/wp-content\/uploads\/2024\/12\/Captura-de-pantalla-2024-12-27-a-las-14.01.18-1024x575.png\" alt=\"\" class=\"wp-image-82\" srcset=\"https:\/\/taekwondomadrid.com\/wp-content\/uploads\/2024\/12\/Captura-de-pantalla-2024-12-27-a-las-14.01.18-1024x575.png 1024w, https:\/\/taekwondomadrid.com\/wp-content\/uploads\/2024\/12\/Captura-de-pantalla-2024-12-27-a-las-14.01.18-300x168.png 300w, https:\/\/taekwondomadrid.com\/wp-content\/uploads\/2024\/12\/Captura-de-pantalla-2024-12-27-a-las-14.01.18-768x431.png 768w, https:\/\/taekwondomadrid.com\/wp-content\/uploads\/2024\/12\/Captura-de-pantalla-2024-12-27-a-las-14.01.18-1536x862.png 1536w, https:\/\/taekwondomadrid.com\/wp-content\/uploads\/2024\/12\/Captura-de-pantalla-2024-12-27-a-las-14.01.18-2048x1149.png 2048w\" sizes=\"(max-width: 1024px) 100vw, 1024px\" \/><\/figure>\n\n\n\n<figure class=\"wp-block-image size-large\"><img decoding=\"async\" width=\"861\" height=\"1024\" data-id=\"81\" src=\"https:\/\/tkd.lestacks.com\/wp-content\/uploads\/2024\/12\/Captura-de-pantalla-2024-12-27-a-las-14.01.06-861x1024.png\" alt=\"\" class=\"wp-image-81\" srcset=\"https:\/\/taekwondomadrid.com\/wp-content\/uploads\/2024\/12\/Captura-de-pantalla-2024-12-27-a-las-14.01.06-861x1024.png 861w, https:\/\/taekwondomadrid.com\/wp-content\/uploads\/2024\/12\/Captura-de-pantalla-2024-12-27-a-las-14.01.06-252x300.png 252w, https:\/\/taekwondomadrid.com\/wp-content\/uploads\/2024\/12\/Captura-de-pantalla-2024-12-27-a-las-14.01.06-768x913.png 768w, https:\/\/taekwondomadrid.com\/wp-content\/uploads\/2024\/12\/Captura-de-pantalla-2024-12-27-a-las-14.01.06-1292x1536.png 1292w, https:\/\/taekwondomadrid.com\/wp-content\/uploads\/2024\/12\/Captura-de-pantalla-2024-12-27-a-las-14.01.06.png 1334w\" sizes=\"(max-width: 861px) 100vw, 861px\" \/><\/figure>\n\n\n\n<figure class=\"wp-block-image size-large\"><img loading=\"lazy\" decoding=\"async\" width=\"1024\" height=\"763\" data-id=\"80\" src=\"https:\/\/tkd.lestacks.com\/wp-content\/uploads\/2024\/12\/Captura-de-pantalla-2024-12-27-a-las-14.00.59-1024x763.png\" alt=\"\" class=\"wp-image-80\" srcset=\"https:\/\/taekwondomadrid.com\/wp-content\/uploads\/2024\/12\/Captura-de-pantalla-2024-12-27-a-las-14.00.59-1024x763.png 1024w, https:\/\/taekwondomadrid.com\/wp-content\/uploads\/2024\/12\/Captura-de-pantalla-2024-12-27-a-las-14.00.59-300x224.png 300w, https:\/\/taekwondomadrid.com\/wp-content\/uploads\/2024\/12\/Captura-de-pantalla-2024-12-27-a-las-14.00.59-768x573.png 768w, https:\/\/taekwondomadrid.com\/wp-content\/uploads\/2024\/12\/Captura-de-pantalla-2024-12-27-a-las-14.00.59-1536x1145.png 1536w, https:\/\/taekwondomadrid.com\/wp-content\/uploads\/2024\/12\/Captura-de-pantalla-2024-12-27-a-las-14.00.59-2048x1527.png 2048w\" sizes=\"(max-width: 1024px) 100vw, 1024px\" \/><\/figure>\n<\/figure>\n","protected":false},"excerpt":{"rendered":"<p>La escuela de Taekwondo realiz\u00f3 recientemente un viaje inolvidable a Corea del Sur, cuna de este antiguo arte marcial. El objetivo del viaje fue profundizar en la comprensi\u00f3n de los estudiantes sobre la rica historia, ra\u00edces culturales y pr\u00e1cticas tradicionales del Taekwondo.<\/p>\n","protected":false},"author":1,"featured_media":80,"comment_status":"open","ping_status":"open","sticky":false,"template":"","format":"standard","meta":{"footnotes":""},"categories":[10],"tags":[],"class_list":["post-153","post","type-post","status-publish","format-standard","has-post-thumbnail","hentry","category-viajes"],"yoast_head":"<!-- This site is optimized with the Yoast SEO plugin v25.6 - https:\/\/yoast.com\/wordpress\/plugins\/seo\/ -->\n<title>Viaje a Corea 2024 - Taekwondo Park<\/title>\n<meta name=\"robots\" content=\"index, follow, max-snippet:-1, max-image-preview:large, max-video-preview:-1\" \/>\n<link rel=\"canonical\" href=\"https:\/\/taekwondomadrid.com\/?p=153\" \/>\n<meta property=\"og:locale\" content=\"en_US\" \/>\n<meta property=\"og:type\" content=\"article\" \/>\n<meta property=\"og:title\" content=\"Viaje a Corea 2024 - Taekwondo Park\" \/>\n<meta property=\"og:description\" content=\"La escuela de Taekwondo realiz\u00f3 recientemente un viaje inolvidable a Corea del Sur, cuna de este antiguo arte marcial. El objetivo del viaje fue profundizar en la comprensi\u00f3n de los estudiantes sobre la rica historia, ra\u00edces culturales y pr\u00e1cticas tradicionales del Taekwondo.\" \/>\n<meta property=\"og:url\" content=\"https:\/\/taekwondomadrid.com\/?p=153\" \/>\n<meta property=\"og:site_name\" content=\"Taekwondo Park\" \/>\n<meta property=\"article:publisher\" content=\"https:\/\/www.facebook.com\/TaekwondoParkMadrid\/?locale=es_ES\" \/>\n<meta property=\"article:published_time\" content=\"2025-01-22T12:54:28+00:00\" \/>\n<meta property=\"article:modified_time\" content=\"2025-01-22T13:38:08+00:00\" \/>\n<meta property=\"og:image\" content=\"https:\/\/taekwondomadrid.com\/wp-content\/uploads\/2024\/12\/Captura-de-pantalla-2024-12-27-a-las-14.00.59-1024x763.png\" \/>\n\t<meta property=\"og:image:width\" content=\"1024\" \/>\n\t<meta property=\"og:image:height\" content=\"763\" \/>\n\t<meta property=\"og:image:type\" content=\"image\/png\" \/>\n<meta name=\"author\" content=\"admin\" \/>\n<meta name=\"twitter:card\" content=\"summary_large_image\" \/>\n<meta name=\"twitter:label1\" content=\"Written by\" \/>\n\t<meta name=\"twitter:data1\" content=\"admin\" \/>\n\t<meta name=\"twitter:label2\" content=\"Est. reading time\" \/>\n\t<meta name=\"twitter:data2\" content=\"1 minute\" \/>\n<script type=\"application\/ld+json\" class=\"yoast-schema-graph\">{\"@context\":\"https:\/\/schema.org\",\"@graph\":[{\"@type\":\"Article\",\"@id\":\"https:\/\/taekwondomadrid.com\/?p=153#article\",\"isPartOf\":{\"@id\":\"https:\/\/taekwondomadrid.com\/?p=153\"},\"author\":{\"name\":\"admin\",\"@id\":\"https:\/\/taekwondomadrid.com\/#\/schema\/person\/9d2f8b2b3422da57d04674f6adf58a0e\"},\"headline\":\"Viaje a Corea 2024\",\"datePublished\":\"2025-01-22T12:54:28+00:00\",\"dateModified\":\"2025-01-22T13:38:08+00:00\",\"mainEntityOfPage\":{\"@id\":\"https:\/\/taekwondomadrid.com\/?p=153\"},\"wordCount\":106,\"commentCount\":0,\"publisher\":{\"@id\":\"https:\/\/taekwondomadrid.com\/#organization\"},\"image\":{\"@id\":\"https:\/\/taekwondomadrid.com\/?p=153#primaryimage\"},\"thumbnailUrl\":\"https:\/\/taekwondomadrid.com\/wp-content\/uploads\/2024\/12\/Captura-de-pantalla-2024-12-27-a-las-14.00.59.png\",\"articleSection\":[\"Viajes\"],\"inLanguage\":\"en-US\",\"potentialAction\":[{\"@type\":\"CommentAction\",\"name\":\"Comment\",\"target\":[\"https:\/\/taekwondomadrid.com\/?p=153#respond\"]}]},{\"@type\":\"WebPage\",\"@id\":\"https:\/\/taekwondomadrid.com\/?p=153\",\"url\":\"https:\/\/taekwondomadrid.com\/?p=153\",\"name\":\"Viaje a Corea 2024 - Taekwondo Park\",\"isPartOf\":{\"@id\":\"https:\/\/taekwondomadrid.com\/#website\"},\"primaryImageOfPage\":{\"@id\":\"https:\/\/taekwondomadrid.com\/?p=153#primaryimage\"},\"image\":{\"@id\":\"https:\/\/taekwondomadrid.com\/?p=153#primaryimage\"},\"thumbnailUrl\":\"https:\/\/taekwondomadrid.com\/wp-content\/uploads\/2024\/12\/Captura-de-pantalla-2024-12-27-a-las-14.00.59.png\",\"datePublished\":\"2025-01-22T12:54:28+00:00\",\"dateModified\":\"2025-01-22T13:38:08+00:00\",\"breadcrumb\":{\"@id\":\"https:\/\/taekwondomadrid.com\/?p=153#breadcrumb\"},\"inLanguage\":\"en-US\",\"potentialAction\":[{\"@type\":\"ReadAction\",\"target\":[\"https:\/\/taekwondomadrid.com\/?p=153\"]}]},{\"@type\":\"ImageObject\",\"inLanguage\":\"en-US\",\"@id\":\"https:\/\/taekwondomadrid.com\/?p=153#primaryimage\",\"url\":\"https:\/\/taekwondomadrid.com\/wp-content\/uploads\/2024\/12\/Captura-de-pantalla-2024-12-27-a-las-14.00.59.png\",\"contentUrl\":\"https:\/\/taekwondomadrid.com\/wp-content\/uploads\/2024\/12\/Captura-de-pantalla-2024-12-27-a-las-14.00.59.png\",\"width\":2374,\"height\":1770},{\"@type\":\"BreadcrumbList\",\"@id\":\"https:\/\/taekwondomadrid.com\/?p=153#breadcrumb\",\"itemListElement\":[{\"@type\":\"ListItem\",\"position\":1,\"name\":\"Home\",\"item\":\"https:\/\/taekwondomadrid.com\/\"},{\"@type\":\"ListItem\",\"position\":2,\"name\":\"Viaje a Corea 2024\"}]},{\"@type\":\"WebSite\",\"@id\":\"https:\/\/taekwondomadrid.com\/#website\",\"url\":\"https:\/\/taekwondomadrid.com\/\",\"name\":\"Taekwondo Park\",\"description\":\"Taekwondo Madrid\",\"publisher\":{\"@id\":\"https:\/\/taekwondomadrid.com\/#organization\"},\"alternateName\":\"Taekwondo Park Madrid\",\"potentialAction\":[{\"@type\":\"SearchAction\",\"target\":{\"@type\":\"EntryPoint\",\"urlTemplate\":\"https:\/\/taekwondomadrid.com\/?s={search_term_string}\"},\"query-input\":{\"@type\":\"PropertyValueSpecification\",\"valueRequired\":true,\"valueName\":\"search_term_string\"}}],\"inLanguage\":\"en-US\"},{\"@type\":\"Organization\",\"@id\":\"https:\/\/taekwondomadrid.com\/#organization\",\"name\":\"Taekwondo Park\",\"alternateName\":\"Taekwondo Park Madrid\",\"url\":\"https:\/\/taekwondomadrid.com\/\",\"logo\":{\"@type\":\"ImageObject\",\"inLanguage\":\"en-US\",\"@id\":\"https:\/\/taekwondomadrid.com\/#\/schema\/logo\/image\/\",\"url\":\"https:\/\/taekwondomadrid.com\/wp-content\/uploads\/2024\/12\/TW-Logo-redondo.png\",\"contentUrl\":\"https:\/\/taekwondomadrid.com\/wp-content\/uploads\/2024\/12\/TW-Logo-redondo.png\",\"width\":411,\"height\":411,\"caption\":\"Taekwondo Park\"},\"image\":{\"@id\":\"https:\/\/taekwondomadrid.com\/#\/schema\/logo\/image\/\"},\"sameAs\":[\"https:\/\/www.facebook.com\/TaekwondoParkMadrid\/?locale=es_ES\"]},{\"@type\":\"Person\",\"@id\":\"https:\/\/taekwondomadrid.com\/#\/schema\/person\/9d2f8b2b3422da57d04674f6adf58a0e\",\"name\":\"admin\",\"image\":{\"@type\":\"ImageObject\",\"inLanguage\":\"en-US\",\"@id\":\"https:\/\/taekwondomadrid.com\/#\/schema\/person\/image\/\",\"url\":\"https:\/\/secure.gravatar.com\/avatar\/e07902e659a943e8fe1dc4276dc1fc07fb172a300dc45d1d0a74ff3b0db9abea?s=96&d=mm&r=g\",\"contentUrl\":\"https:\/\/secure.gravatar.com\/avatar\/e07902e659a943e8fe1dc4276dc1fc07fb172a300dc45d1d0a74ff3b0db9abea?s=96&d=mm&r=g\",\"caption\":\"admin\"},\"sameAs\":[\"https:\/\/tkd.lestacks.com\"],\"url\":\"https:\/\/taekwondomadrid.com\/?author=1\"}]}<\/script>\n<!-- \/ Yoast SEO plugin. -->","yoast_head_json":{"title":"Viaje a Corea 2024 - Taekwondo Park","robots":{"index":"index","follow":"follow","max-snippet":"max-snippet:-1","max-image-preview":"max-image-preview:large","max-video-preview":"max-video-preview:-1"},"canonical":"https:\/\/taekwondomadrid.com\/?p=153","og_locale":"en_US","og_type":"article","og_title":"Viaje a Corea 2024 - Taekwondo Park","og_description":"La escuela de Taekwondo realiz\u00f3 recientemente un viaje inolvidable a Corea del Sur, cuna de este antiguo arte marcial. El objetivo del viaje fue profundizar en la comprensi\u00f3n de los estudiantes sobre la rica historia, ra\u00edces culturales y pr\u00e1cticas tradicionales del Taekwondo.","og_url":"https:\/\/taekwondomadrid.com\/?p=153","og_site_name":"Taekwondo Park","article_publisher":"https:\/\/www.facebook.com\/TaekwondoParkMadrid\/?locale=es_ES","article_published_time":"2025-01-22T12:54:28+00:00","article_modified_time":"2025-01-22T13:38:08+00:00","og_image":[{"width":1024,"height":763,"url":"https:\/\/taekwondomadrid.com\/wp-content\/uploads\/2024\/12\/Captura-de-pantalla-2024-12-27-a-las-14.00.59-1024x763.png","type":"image\/png"}],"author":"admin","twitter_card":"summary_large_image","twitter_misc":{"Written by":"admin","Est. reading time":"1 minute"},"schema":{"@context":"https:\/\/schema.org","@graph":[{"@type":"Article","@id":"https:\/\/taekwondomadrid.com\/?p=153#article","isPartOf":{"@id":"https:\/\/taekwondomadrid.com\/?p=153"},"author":{"name":"admin","@id":"https:\/\/taekwondomadrid.com\/#\/schema\/person\/9d2f8b2b3422da57d04674f6adf58a0e"},"headline":"Viaje a Corea 2024","datePublished":"2025-01-22T12:54:28+00:00","dateModified":"2025-01-22T13:38:08+00:00","mainEntityOfPage":{"@id":"https:\/\/taekwondomadrid.com\/?p=153"},"wordCount":106,"commentCount":0,"publisher":{"@id":"https:\/\/taekwondomadrid.com\/#organization"},"image":{"@id":"https:\/\/taekwondomadrid.com\/?p=153#primaryimage"},"thumbnailUrl":"https:\/\/taekwondomadrid.com\/wp-content\/uploads\/2024\/12\/Captura-de-pantalla-2024-12-27-a-las-14.00.59.png","articleSection":["Viajes"],"inLanguage":"en-US","potentialAction":[{"@type":"CommentAction","name":"Comment","target":["https:\/\/taekwondomadrid.com\/?p=153#respond"]}]},{"@type":"WebPage","@id":"https:\/\/taekwondomadrid.com\/?p=153","url":"https:\/\/taekwondomadrid.com\/?p=153","name":"Viaje a Corea 2024 - Taekwondo Park","isPartOf":{"@id":"https:\/\/taekwondomadrid.com\/#website"},"primaryImageOfPage":{"@id":"https:\/\/taekwondomadrid.com\/?p=153#primaryimage"},"image":{"@id":"https:\/\/taekwondomadrid.com\/?p=153#primaryimage"},"thumbnailUrl":"https:\/\/taekwondomadrid.com\/wp-content\/uploads\/2024\/12\/Captura-de-pantalla-2024-12-27-a-las-14.00.59.png","datePublished":"2025-01-22T12:54:28+00:00","dateModified":"2025-01-22T13:38:08+00:00","breadcrumb":{"@id":"https:\/\/taekwondomadrid.com\/?p=153#breadcrumb"},"inLanguage":"en-US","potentialAction":[{"@type":"ReadAction","target":["https:\/\/taekwondomadrid.com\/?p=153"]}]},{"@type":"ImageObject","inLanguage":"en-US","@id":"https:\/\/taekwondomadrid.com\/?p=153#primaryimage","url":"https:\/\/taekwondomadrid.com\/wp-content\/uploads\/2024\/12\/Captura-de-pantalla-2024-12-27-a-las-14.00.59.png","contentUrl":"https:\/\/taekwondomadrid.com\/wp-content\/uploads\/2024\/12\/Captura-de-pantalla-2024-12-27-a-las-14.00.59.png","width":2374,"height":1770},{"@type":"BreadcrumbList","@id":"https:\/\/taekwondomadrid.com\/?p=153#breadcrumb","itemListElement":[{"@type":"ListItem","position":1,"name":"Home","item":"https:\/\/taekwondomadrid.com\/"},{"@type":"ListItem","position":2,"name":"Viaje a Corea 2024"}]},{"@type":"WebSite","@id":"https:\/\/taekwondomadrid.com\/#website","url":"https:\/\/taekwondomadrid.com\/","name":"Taekwondo Park","description":"Taekwondo Madrid","publisher":{"@id":"https:\/\/taekwondomadrid.com\/#organization"},"alternateName":"Taekwondo Park Madrid","potentialAction":[{"@type":"SearchAction","target":{"@type":"EntryPoint","urlTemplate":"https:\/\/taekwondomadrid.com\/?s={search_term_string}"},"query-input":{"@type":"PropertyValueSpecification","valueRequired":true,"valueName":"search_term_string"}}],"inLanguage":"en-US"},{"@type":"Organization","@id":"https:\/\/taekwondomadrid.com\/#organization","name":"Taekwondo Park","alternateName":"Taekwondo Park Madrid","url":"https:\/\/taekwondomadrid.com\/","logo":{"@type":"ImageObject","inLanguage":"en-US","@id":"https:\/\/taekwondomadrid.com\/#\/schema\/logo\/image\/","url":"https:\/\/taekwondomadrid.com\/wp-content\/uploads\/2024\/12\/TW-Logo-redondo.png","contentUrl":"https:\/\/taekwondomadrid.com\/wp-content\/uploads\/2024\/12\/TW-Logo-redondo.png","width":411,"height":411,"caption":"Taekwondo Park"},"image":{"@id":"https:\/\/taekwondomadrid.com\/#\/schema\/logo\/image\/"},"sameAs":["https:\/\/www.facebook.com\/TaekwondoParkMadrid\/?locale=es_ES"]},{"@type":"Person","@id":"https:\/\/taekwondomadrid.com\/#\/schema\/person\/9d2f8b2b3422da57d04674f6adf58a0e","name":"admin","image":{"@type":"ImageObject","inLanguage":"en-US","@id":"https:\/\/taekwondomadrid.com\/#\/schema\/person\/image\/","url":"https:\/\/secure.gravatar.com\/avatar\/e07902e659a943e8fe1dc4276dc1fc07fb172a300dc45d1d0a74ff3b0db9abea?s=96&d=mm&r=g","contentUrl":"https:\/\/secure.gravatar.com\/avatar\/e07902e659a943e8fe1dc4276dc1fc07fb172a300dc45d1d0a74ff3b0db9abea?s=96&d=mm&r=g","caption":"admin"},"sameAs":["https:\/\/tkd.lestacks.com"],"url":"https:\/\/taekwondomadrid.com\/?author=1"}]}},"_links":{"self":[{"href":"https:\/\/taekwondomadrid.com\/index.php?rest_route=\/wp\/v2\/posts\/153","targetHints":{"allow":["GET"]}}],"collection":[{"href":"https:\/\/taekwondomadrid.com\/index.php?rest_route=\/wp\/v2\/posts"}],"about":[{"href":"https:\/\/taekwondomadrid.com\/index.php?rest_route=\/wp\/v2\/types\/post"}],"author":[{"embeddable":true,"href":"https:\/\/taekwondomadrid.com\/index.php?rest_route=\/wp\/v2\/users\/1"}],"replies":[{"embeddable":true,"href":"https:\/\/taekwondomadrid.com\/index.php?rest_route=%2Fwp%2Fv2%2Fcomments&post=153"}],"version-history":[{"count":3,"href":"https:\/\/taekwondomadrid.com\/index.php?rest_route=\/wp\/v2\/posts\/153\/revisions"}],"predecessor-version":[{"id":166,"href":"https:\/\/taekwondomadrid.com\/index.php?rest_route=\/wp\/v2\/posts\/153\/revisions\/166"}],"wp:featuredmedia":[{"embeddable":true,"href":"https:\/\/taekwondomadrid.com\/index.php?rest_route=\/wp\/v2\/media\/80"}],"wp:attachment":[{"href":"https:\/\/taekwondomadrid.com\/index.php?rest_route=%2Fwp%2Fv2%2Fmedia&parent=153"}],"wp:term":[{"taxonomy":"category","embeddable":true,"href":"https:\/\/taekwondomadrid.com\/index.php?rest_route=%2Fwp%2Fv2%2Fcategories&post=153"},{"taxonomy":"post_tag","embeddable":true,"href":"https:\/\/taekwondomadrid.com\/index.php?rest_route=%2Fwp%2Fv2%2Ftags&post=153"}],"curies":[{"name":"wp","href":"https:\/\/api.w.org\/{rel}","templated":true}]}}